{"id":211,"date":"2025-09-28T10:01:30","date_gmt":"2025-09-28T08:01:30","guid":{"rendered":"https:\/\/permacultureenartois.fr\/?p=211"},"modified":"2025-09-28T10:02:00","modified_gmt":"2025-09-28T08:02:00","slug":"cest-lautomne","status":"publish","type":"post","link":"https:\/\/permacultureenartois.fr\/index.php\/2025\/09\/28\/cest-lautomne\/","title":{"rendered":"C&rsquo;est l&rsquo;Automne"},"content":{"rendered":"\n<p>Quoi de neuf ces temps ci :<\/p>\n\n\n\n<p>Le Jardin \u00e9volue, avec ou sans nous.<\/p>\n\n\n\n<p><a><\/a>-Les arbres et arbustes poussent, commencent \u00e0 donner des fruits. <img loading=\"lazy\" decoding=\"async\" height=\"16\" width=\"16\" alt=\"\ud83c\udf4f\" src=\"https:\/\/static.xx.fbcdn.net\/images\/emoji.php\/v9\/tbd\/1\/16\/1f34f.png\"><img loading=\"lazy\" decoding=\"async\" height=\"16\" width=\"16\" alt=\"\ud83c\udf50\" src=\"https:\/\/static.xx.fbcdn.net\/images\/emoji.php\/v9\/t26\/1\/16\/1f350.png\"><img loading=\"lazy\" decoding=\"async\" height=\"16\" width=\"16\" alt=\"\ud83c\udf47\" src=\"https:\/\/static.xx.fbcdn.net\/images\/emoji.php\/v9\/te\/1\/16\/1f347.png\"><img loading=\"lazy\" decoding=\"async\" height=\"16\" width=\"16\" alt=\"\ud83c\udf53\" src=\"https:\/\/static.xx.fbcdn.net\/images\/emoji.php\/v9\/ta9\/1\/16\/1f353.png\"><img loading=\"lazy\" decoding=\"async\" height=\"16\" width=\"16\" alt=\"\ud83c\udf52\" src=\"https:\/\/static.xx.fbcdn.net\/images\/emoji.php\/v9\/t28\/1\/16\/1f352.png\"><\/p>\n\n\n\n<p>-Raymond (alias G\u00e9rard), fier de nos bons petits raisins sur l&rsquo;arche <img loading=\"lazy\" decoding=\"async\" height=\"16\" width=\"16\" alt=\"\ud83c\udf47\" src=\"https:\/\/static.xx.fbcdn.net\/images\/emoji.php\/v9\/te\/1\/16\/1f347.png\"><img loading=\"lazy\" decoding=\"async\" height=\"16\" width=\"16\" alt=\"\ud83c\udf47\" src=\"https:\/\/static.xx.fbcdn.net\/images\/emoji.php\/v9\/te\/1\/16\/1f347.png\"><img loading=\"lazy\" decoding=\"async\" height=\"16\" width=\"16\" alt=\"\ud83c\udf47\" src=\"https:\/\/static.xx.fbcdn.net\/images\/emoji.php\/v9\/te\/1\/16\/1f347.png\"><\/p>\n\n\n\n<p>-Premier essai de Haie avec le bois de nos Saules Osiers avant un essai sur Saule vivant !<\/p>\n\n\n\n<p>L&rsquo;automne est la, on arrive bient\u00f4t dans la p\u00e9riode ou on va encore planter des arbres, arbustes et pr\u00e9parer les projets 2026 !<\/p>\n\n\n\n<figure class=\"wp-block-image size-full\"><img loading=\"lazy\" decoding=\"async\" width=\"1000\" height=\"838\" src=\"https:\/\/permacultureenartois.fr\/wp-content\/uploads\/2025\/09\/Titre12.png\" alt=\"\" class=\"wp-image-212\" srcset=\"https:\/\/permacultureenartois.fr\/wp-content\/uploads\/2025\/09\/Titre12.png 1000w, https:\/\/permacultureenartois.fr\/wp-content\/uploads\/2025\/09\/Titre12-300x251.png 300w, https:\/\/permacultureenartois.fr\/wp-content\/uploads\/2025\/09\/Titre12-768x644.png 768w\" sizes=\"auto, (max-width: 1000px) 100vw, 1000px\" \/><\/figure>\n","protected":false},"excerpt":{"rendered":"<p>Quoi de neuf ces temps ci : Le Jardin \u00e9volue, avec ou sans nous. -Les arbres et arbustes poussent, commencent \u00e0 donner des fruits. -Raymond&hellip;<\/p>\n","protected":false},"author":1,"featured_media":0,"comment_status":"open","ping_status":"open","sticky":false,"template":"","format":"standard","meta":{"footnotes":""},"categories":[1],"tags":[],"class_list":["post-211","post","type-post","status-publish","format-standard","hentry","category-non-classe"],"yoast_head":"<!-- This site is optimized with the Yoast SEO plugin v27.4 - https:\/\/yoast.com\/product\/yoast-seo-wordpress\/ -->\n<title>C&#039;est l&#039;Automne &#8211; Permaculture en Artois<\/title>\n<meta name=\"description\" content=\"Le Jardin \u00e9volue, avec ou sans nous.-Les arbres et arbustes poussent, commencent \u00e0 donner des fruits. -Raymond (alias G\u00e9rard), fier de nos bons petits raisins sur l&#039;arche -Premier essai de Haie avec le bois de nos Saules Osiers avant un essai sur Saule vivant !\" \/>\n<meta name=\"robots\" content=\"index, follow, max-snippet:-1, max-image-preview:large, max-video-preview:-1\" \/>\n<link rel=\"canonical\" href=\"https:\/\/permacultureenartois.fr\/index.php\/2025\/09\/28\/cest-lautomne\/\" \/>\n<meta property=\"og:locale\" content=\"fr_FR\" \/>\n<meta property=\"og:type\" content=\"article\" \/>\n<meta property=\"og:title\" content=\"C&#039;est l&#039;Automne &#8211; Permaculture en Artois\" \/>\n<meta property=\"og:description\" content=\"Le Jardin \u00e9volue, avec ou sans nous.-Les arbres et arbustes poussent, commencent \u00e0 donner des fruits. -Raymond (alias G\u00e9rard), fier de nos bons petits raisins sur l&#039;arche -Premier essai de Haie avec le bois de nos Saules Osiers avant un essai sur Saule vivant !\" \/>\n<meta property=\"og:url\" content=\"https:\/\/permacultureenartois.fr\/index.php\/2025\/09\/28\/cest-lautomne\/\" \/>\n<meta property=\"og:site_name\" content=\"Permaculture en Artois\" \/>\n<meta property=\"article:publisher\" content=\"https:\/\/www.facebook.com\/permacultureenartois\/\" \/>\n<meta property=\"article:published_time\" content=\"2025-09-28T08:01:30+00:00\" \/>\n<meta property=\"article:modified_time\" content=\"2025-09-28T08:02:00+00:00\" \/>\n<meta property=\"og:image\" content=\"https:\/\/static.xx.fbcdn.net\/images\/emoji.php\/v9\/tbd\/1\/16\/1f34f.png\" \/>\n<meta name=\"author\" content=\"smallmec\" \/>\n<meta name=\"twitter:card\" content=\"summary_large_image\" \/>\n<meta name=\"twitter:label1\" content=\"\u00c9crit par\" \/>\n\t<meta name=\"twitter:data1\" content=\"smallmec\" \/>\n<script type=\"application\/ld+json\" class=\"yoast-schema-graph\">{\"@context\":\"https:\\\/\\\/schema.org\",\"@graph\":[{\"@type\":\"Article\",\"@id\":\"https:\\\/\\\/permacultureenartois.fr\\\/index.php\\\/2025\\\/09\\\/28\\\/cest-lautomne\\\/#article\",\"isPartOf\":{\"@id\":\"https:\\\/\\\/permacultureenartois.fr\\\/index.php\\\/2025\\\/09\\\/28\\\/cest-lautomne\\\/\"},\"author\":{\"name\":\"smallmec\",\"@id\":\"https:\\\/\\\/permacultureenartois.fr\\\/#\\\/schema\\\/person\\\/45c7e8c154547afdbee04e700324b220\"},\"headline\":\"C&rsquo;est l&rsquo;Automne\",\"datePublished\":\"2025-09-28T08:01:30+00:00\",\"dateModified\":\"2025-09-28T08:02:00+00:00\",\"mainEntityOfPage\":{\"@id\":\"https:\\\/\\\/permacultureenartois.fr\\\/index.php\\\/2025\\\/09\\\/28\\\/cest-lautomne\\\/\"},\"wordCount\":81,\"commentCount\":0,\"publisher\":{\"@id\":\"https:\\\/\\\/permacultureenartois.fr\\\/#organization\"},\"image\":{\"@id\":\"https:\\\/\\\/permacultureenartois.fr\\\/index.php\\\/2025\\\/09\\\/28\\\/cest-lautomne\\\/#primaryimage\"},\"thumbnailUrl\":\"https:\\\/\\\/static.xx.fbcdn.net\\\/images\\\/emoji.php\\\/v9\\\/tbd\\\/1\\\/16\\\/1f34f.png\",\"inLanguage\":\"fr-FR\",\"potentialAction\":[{\"@type\":\"CommentAction\",\"name\":\"Comment\",\"target\":[\"https:\\\/\\\/permacultureenartois.fr\\\/index.php\\\/2025\\\/09\\\/28\\\/cest-lautomne\\\/#respond\"]}]},{\"@type\":\"WebPage\",\"@id\":\"https:\\\/\\\/permacultureenartois.fr\\\/index.php\\\/2025\\\/09\\\/28\\\/cest-lautomne\\\/\",\"url\":\"https:\\\/\\\/permacultureenartois.fr\\\/index.php\\\/2025\\\/09\\\/28\\\/cest-lautomne\\\/\",\"name\":\"C'est l'Automne &#8211; Permaculture en Artois\",\"isPartOf\":{\"@id\":\"https:\\\/\\\/permacultureenartois.fr\\\/#website\"},\"primaryImageOfPage\":{\"@id\":\"https:\\\/\\\/permacultureenartois.fr\\\/index.php\\\/2025\\\/09\\\/28\\\/cest-lautomne\\\/#primaryimage\"},\"image\":{\"@id\":\"https:\\\/\\\/permacultureenartois.fr\\\/index.php\\\/2025\\\/09\\\/28\\\/cest-lautomne\\\/#primaryimage\"},\"thumbnailUrl\":\"https:\\\/\\\/static.xx.fbcdn.net\\\/images\\\/emoji.php\\\/v9\\\/tbd\\\/1\\\/16\\\/1f34f.png\",\"datePublished\":\"2025-09-28T08:01:30+00:00\",\"dateModified\":\"2025-09-28T08:02:00+00:00\",\"description\":\"Le Jardin \u00e9volue, avec ou sans nous.-Les arbres et arbustes poussent, commencent \u00e0 donner des fruits. -Raymond (alias G\u00e9rard), fier de nos bons petits raisins sur l'arche -Premier essai de Haie avec le bois de nos Saules Osiers avant un essai sur Saule vivant !\",\"breadcrumb\":{\"@id\":\"https:\\\/\\\/permacultureenartois.fr\\\/index.php\\\/2025\\\/09\\\/28\\\/cest-lautomne\\\/#breadcrumb\"},\"inLanguage\":\"fr-FR\",\"potentialAction\":[{\"@type\":\"ReadAction\",\"target\":[\"https:\\\/\\\/permacultureenartois.fr\\\/index.php\\\/2025\\\/09\\\/28\\\/cest-lautomne\\\/\"]}]},{\"@type\":\"ImageObject\",\"inLanguage\":\"fr-FR\",\"@id\":\"https:\\\/\\\/permacultureenartois.fr\\\/index.php\\\/2025\\\/09\\\/28\\\/cest-lautomne\\\/#primaryimage\",\"url\":\"https:\\\/\\\/static.xx.fbcdn.net\\\/images\\\/emoji.php\\\/v9\\\/tbd\\\/1\\\/16\\\/1f34f.png\",\"contentUrl\":\"https:\\\/\\\/static.xx.fbcdn.net\\\/images\\\/emoji.php\\\/v9\\\/tbd\\\/1\\\/16\\\/1f34f.png\"},{\"@type\":\"BreadcrumbList\",\"@id\":\"https:\\\/\\\/permacultureenartois.fr\\\/index.php\\\/2025\\\/09\\\/28\\\/cest-lautomne\\\/#breadcrumb\",\"itemListElement\":[{\"@type\":\"ListItem\",\"position\":1,\"name\":\"Home\",\"item\":\"https:\\\/\\\/permacultureenartois.fr\\\/\"},{\"@type\":\"ListItem\",\"position\":2,\"name\":\"C&rsquo;est l&rsquo;Automne\"}]},{\"@type\":\"WebSite\",\"@id\":\"https:\\\/\\\/permacultureenartois.fr\\\/#website\",\"url\":\"https:\\\/\\\/permacultureenartois.fr\\\/\",\"name\":\"Permaculture en Artois\",\"description\":\"Promouvoir la Permaculture et l&#039;\u00e9co culture en Artois et, \u00e0 travers elles, la Biodiversit\u00e9 et une Ecologie pleinement Vivante.\",\"publisher\":{\"@id\":\"https:\\\/\\\/permacultureenartois.fr\\\/#organization\"},\"potentialAction\":[{\"@type\":\"SearchAction\",\"target\":{\"@type\":\"EntryPoint\",\"urlTemplate\":\"https:\\\/\\\/permacultureenartois.fr\\\/?s={search_term_string}\"},\"query-input\":{\"@type\":\"PropertyValueSpecification\",\"valueRequired\":true,\"valueName\":\"search_term_string\"}}],\"inLanguage\":\"fr-FR\"},{\"@type\":\"Organization\",\"@id\":\"https:\\\/\\\/permacultureenartois.fr\\\/#organization\",\"name\":\"Permaculture en Artois\",\"url\":\"https:\\\/\\\/permacultureenartois.fr\\\/\",\"logo\":{\"@type\":\"ImageObject\",\"inLanguage\":\"fr-FR\",\"@id\":\"https:\\\/\\\/permacultureenartois.fr\\\/#\\\/schema\\\/logo\\\/image\\\/\",\"url\":\"http:\\\/\\\/permacultureenartois.fr\\\/wp-content\\\/uploads\\\/2021\\\/12\\\/Permartois-Logo.jpg\",\"contentUrl\":\"http:\\\/\\\/permacultureenartois.fr\\\/wp-content\\\/uploads\\\/2021\\\/12\\\/Permartois-Logo.jpg\",\"width\":681,\"height\":1098,\"caption\":\"Permaculture en Artois\"},\"image\":{\"@id\":\"https:\\\/\\\/permacultureenartois.fr\\\/#\\\/schema\\\/logo\\\/image\\\/\"},\"sameAs\":[\"https:\\\/\\\/www.facebook.com\\\/permacultureenartois\\\/\"]},{\"@type\":\"Person\",\"@id\":\"https:\\\/\\\/permacultureenartois.fr\\\/#\\\/schema\\\/person\\\/45c7e8c154547afdbee04e700324b220\",\"name\":\"smallmec\",\"image\":{\"@type\":\"ImageObject\",\"inLanguage\":\"fr-FR\",\"@id\":\"https:\\\/\\\/secure.gravatar.com\\\/avatar\\\/b4da0497dc11d4232c0a5249de31611cc034c9ef185a29030719664b4f7c8fc5?s=96&d=mm&r=g\",\"url\":\"https:\\\/\\\/secure.gravatar.com\\\/avatar\\\/b4da0497dc11d4232c0a5249de31611cc034c9ef185a29030719664b4f7c8fc5?s=96&d=mm&r=g\",\"contentUrl\":\"https:\\\/\\\/secure.gravatar.com\\\/avatar\\\/b4da0497dc11d4232c0a5249de31611cc034c9ef185a29030719664b4f7c8fc5?s=96&d=mm&r=g\",\"caption\":\"smallmec\"},\"sameAs\":[\"http:\\\/\\\/192.168.1.22\\\/perma\"],\"url\":\"https:\\\/\\\/permacultureenartois.fr\\\/index.php\\\/author\\\/smallmec\\\/\"}]}<\/script>\n<!-- \/ Yoast SEO plugin. -->","yoast_head_json":{"title":"C'est l'Automne &#8211; Permaculture en Artois","description":"Le Jardin \u00e9volue, avec ou sans nous.-Les arbres et arbustes poussent, commencent \u00e0 donner des fruits. -Raymond (alias G\u00e9rard), fier de nos bons petits raisins sur l'arche -Premier essai de Haie avec le bois de nos Saules Osiers avant un essai sur Saule vivant !","robots":{"index":"index","follow":"follow","max-snippet":"max-snippet:-1","max-image-preview":"max-image-preview:large","max-video-preview":"max-video-preview:-1"},"canonical":"https:\/\/permacultureenartois.fr\/index.php\/2025\/09\/28\/cest-lautomne\/","og_locale":"fr_FR","og_type":"article","og_title":"C'est l'Automne &#8211; Permaculture en Artois","og_description":"Le Jardin \u00e9volue, avec ou sans nous.-Les arbres et arbustes poussent, commencent \u00e0 donner des fruits. -Raymond (alias G\u00e9rard), fier de nos bons petits raisins sur l'arche -Premier essai de Haie avec le bois de nos Saules Osiers avant un essai sur Saule vivant !","og_url":"https:\/\/permacultureenartois.fr\/index.php\/2025\/09\/28\/cest-lautomne\/","og_site_name":"Permaculture en Artois","article_publisher":"https:\/\/www.facebook.com\/permacultureenartois\/","article_published_time":"2025-09-28T08:01:30+00:00","article_modified_time":"2025-09-28T08:02:00+00:00","og_image":[{"url":"https:\/\/static.xx.fbcdn.net\/images\/emoji.php\/v9\/tbd\/1\/16\/1f34f.png","type":"","width":"","height":""}],"author":"smallmec","twitter_card":"summary_large_image","twitter_misc":{"\u00c9crit par":"smallmec"},"schema":{"@context":"https:\/\/schema.org","@graph":[{"@type":"Article","@id":"https:\/\/permacultureenartois.fr\/index.php\/2025\/09\/28\/cest-lautomne\/#article","isPartOf":{"@id":"https:\/\/permacultureenartois.fr\/index.php\/2025\/09\/28\/cest-lautomne\/"},"author":{"name":"smallmec","@id":"https:\/\/permacultureenartois.fr\/#\/schema\/person\/45c7e8c154547afdbee04e700324b220"},"headline":"C&rsquo;est l&rsquo;Automne","datePublished":"2025-09-28T08:01:30+00:00","dateModified":"2025-09-28T08:02:00+00:00","mainEntityOfPage":{"@id":"https:\/\/permacultureenartois.fr\/index.php\/2025\/09\/28\/cest-lautomne\/"},"wordCount":81,"commentCount":0,"publisher":{"@id":"https:\/\/permacultureenartois.fr\/#organization"},"image":{"@id":"https:\/\/permacultureenartois.fr\/index.php\/2025\/09\/28\/cest-lautomne\/#primaryimage"},"thumbnailUrl":"https:\/\/static.xx.fbcdn.net\/images\/emoji.php\/v9\/tbd\/1\/16\/1f34f.png","inLanguage":"fr-FR","potentialAction":[{"@type":"CommentAction","name":"Comment","target":["https:\/\/permacultureenartois.fr\/index.php\/2025\/09\/28\/cest-lautomne\/#respond"]}]},{"@type":"WebPage","@id":"https:\/\/permacultureenartois.fr\/index.php\/2025\/09\/28\/cest-lautomne\/","url":"https:\/\/permacultureenartois.fr\/index.php\/2025\/09\/28\/cest-lautomne\/","name":"C'est l'Automne &#8211; Permaculture en Artois","isPartOf":{"@id":"https:\/\/permacultureenartois.fr\/#website"},"primaryImageOfPage":{"@id":"https:\/\/permacultureenartois.fr\/index.php\/2025\/09\/28\/cest-lautomne\/#primaryimage"},"image":{"@id":"https:\/\/permacultureenartois.fr\/index.php\/2025\/09\/28\/cest-lautomne\/#primaryimage"},"thumbnailUrl":"https:\/\/static.xx.fbcdn.net\/images\/emoji.php\/v9\/tbd\/1\/16\/1f34f.png","datePublished":"2025-09-28T08:01:30+00:00","dateModified":"2025-09-28T08:02:00+00:00","description":"Le Jardin \u00e9volue, avec ou sans nous.-Les arbres et arbustes poussent, commencent \u00e0 donner des fruits. -Raymond (alias G\u00e9rard), fier de nos bons petits raisins sur l'arche -Premier essai de Haie avec le bois de nos Saules Osiers avant un essai sur Saule vivant !","breadcrumb":{"@id":"https:\/\/permacultureenartois.fr\/index.php\/2025\/09\/28\/cest-lautomne\/#breadcrumb"},"inLanguage":"fr-FR","potentialAction":[{"@type":"ReadAction","target":["https:\/\/permacultureenartois.fr\/index.php\/2025\/09\/28\/cest-lautomne\/"]}]},{"@type":"ImageObject","inLanguage":"fr-FR","@id":"https:\/\/permacultureenartois.fr\/index.php\/2025\/09\/28\/cest-lautomne\/#primaryimage","url":"https:\/\/static.xx.fbcdn.net\/images\/emoji.php\/v9\/tbd\/1\/16\/1f34f.png","contentUrl":"https:\/\/static.xx.fbcdn.net\/images\/emoji.php\/v9\/tbd\/1\/16\/1f34f.png"},{"@type":"BreadcrumbList","@id":"https:\/\/permacultureenartois.fr\/index.php\/2025\/09\/28\/cest-lautomne\/#breadcrumb","itemListElement":[{"@type":"ListItem","position":1,"name":"Home","item":"https:\/\/permacultureenartois.fr\/"},{"@type":"ListItem","position":2,"name":"C&rsquo;est l&rsquo;Automne"}]},{"@type":"WebSite","@id":"https:\/\/permacultureenartois.fr\/#website","url":"https:\/\/permacultureenartois.fr\/","name":"Permaculture en Artois","description":"Promouvoir la Permaculture et l&#039;\u00e9co culture en Artois et, \u00e0 travers elles, la Biodiversit\u00e9 et une Ecologie pleinement Vivante.","publisher":{"@id":"https:\/\/permacultureenartois.fr\/#organization"},"potentialAction":[{"@type":"SearchAction","target":{"@type":"EntryPoint","urlTemplate":"https:\/\/permacultureenartois.fr\/?s={search_term_string}"},"query-input":{"@type":"PropertyValueSpecification","valueRequired":true,"valueName":"search_term_string"}}],"inLanguage":"fr-FR"},{"@type":"Organization","@id":"https:\/\/permacultureenartois.fr\/#organization","name":"Permaculture en Artois","url":"https:\/\/permacultureenartois.fr\/","logo":{"@type":"ImageObject","inLanguage":"fr-FR","@id":"https:\/\/permacultureenartois.fr\/#\/schema\/logo\/image\/","url":"http:\/\/permacultureenartois.fr\/wp-content\/uploads\/2021\/12\/Permartois-Logo.jpg","contentUrl":"http:\/\/permacultureenartois.fr\/wp-content\/uploads\/2021\/12\/Permartois-Logo.jpg","width":681,"height":1098,"caption":"Permaculture en Artois"},"image":{"@id":"https:\/\/permacultureenartois.fr\/#\/schema\/logo\/image\/"},"sameAs":["https:\/\/www.facebook.com\/permacultureenartois\/"]},{"@type":"Person","@id":"https:\/\/permacultureenartois.fr\/#\/schema\/person\/45c7e8c154547afdbee04e700324b220","name":"smallmec","image":{"@type":"ImageObject","inLanguage":"fr-FR","@id":"https:\/\/secure.gravatar.com\/avatar\/b4da0497dc11d4232c0a5249de31611cc034c9ef185a29030719664b4f7c8fc5?s=96&d=mm&r=g","url":"https:\/\/secure.gravatar.com\/avatar\/b4da0497dc11d4232c0a5249de31611cc034c9ef185a29030719664b4f7c8fc5?s=96&d=mm&r=g","contentUrl":"https:\/\/secure.gravatar.com\/avatar\/b4da0497dc11d4232c0a5249de31611cc034c9ef185a29030719664b4f7c8fc5?s=96&d=mm&r=g","caption":"smallmec"},"sameAs":["http:\/\/192.168.1.22\/perma"],"url":"https:\/\/permacultureenartois.fr\/index.php\/author\/smallmec\/"}]}},"_links":{"self":[{"href":"https:\/\/permacultureenartois.fr\/index.php\/wp-json\/wp\/v2\/posts\/211","targetHints":{"allow":["GET"]}}],"collection":[{"href":"https:\/\/permacultureenartois.fr\/index.php\/wp-json\/wp\/v2\/posts"}],"about":[{"href":"https:\/\/permacultureenartois.fr\/index.php\/wp-json\/wp\/v2\/types\/post"}],"author":[{"embeddable":true,"href":"https:\/\/permacultureenartois.fr\/index.php\/wp-json\/wp\/v2\/users\/1"}],"replies":[{"embeddable":true,"href":"https:\/\/permacultureenartois.fr\/index.php\/wp-json\/wp\/v2\/comments?post=211"}],"version-history":[{"count":1,"href":"https:\/\/permacultureenartois.fr\/index.php\/wp-json\/wp\/v2\/posts\/211\/revisions"}],"predecessor-version":[{"id":213,"href":"https:\/\/permacultureenartois.fr\/index.php\/wp-json\/wp\/v2\/posts\/211\/revisions\/213"}],"wp:attachment":[{"href":"https:\/\/permacultureenartois.fr\/index.php\/wp-json\/wp\/v2\/media?parent=211"}],"wp:term":[{"taxonomy":"category","embeddable":true,"href":"https:\/\/permacultureenartois.fr\/index.php\/wp-json\/wp\/v2\/categories?post=211"},{"taxonomy":"post_tag","embeddable":true,"href":"https:\/\/permacultureenartois.fr\/index.php\/wp-json\/wp\/v2\/tags?post=211"}],"curies":[{"name":"wp","href":"https:\/\/api.w.org\/{rel}","templated":true}]}}